{"id":916,"date":"2018-05-04T17:27:35","date_gmt":"2018-05-04T15:27:35","guid":{"rendered":"http:\/\/www.lynnmariezapp.de\/?p=916"},"modified":"2018-05-24T13:36:11","modified_gmt":"2018-05-24T11:36:11","slug":"adobe-creative-residency","status":"publish","type":"post","link":"https:\/\/www.lynnmariezapp.de\/index.php\/2018\/05\/04\/adobe-creative-residency\/","title":{"rendered":"Adobe Creative Residency"},"content":{"rendered":"<p><span style=\"color: #8d9eab;\"><strong>Erfahrungsbericht | Adobe Creative Residency<\/strong><br \/>\n<\/span><span style=\"color: #8d9eab;\">Arbeit an einem Herzensprojekt<\/span><\/p>\n<hr \/>\n<p><strong>Adobe<\/strong> f\u00f6rdert nicht nur Kreativit\u00e4t sondern auch Kreative. Alle Jahre wieder k\u00f6nnen sich Gestalter aus jeglichen\u00a0Disziplinen wie zum Beispiel Grafikdesign, Fotografie oder Videografie mit einem Herzensprojekt f\u00fcr das F\u00f6rderprogramm der <strong>Creative Residency<\/strong> bewerben. Wo sich im Berufsleben oftmals Grenzen bei der Konzeption, Idee, Gestaltung und Umsetzung auftun, ist man bei dieser Bewerbung in all diesen Punkten vollkommen frei. Wer mit seiner Idee \u00fcberzeugt, wird ein Jahr von Adobe unterst\u00fctzt, um sich dem eigenen Herzensprojekt zu widmen.<!--more--><\/p>\n<p>Als ich den Aufruf von Adobe gesehen habe, war f\u00fcr mich klar, diese Chance zu nutzen und mich zu bewerben. Bei meiner Idee ging es mir darum, die Menschen \u00fcber Landesgrenzen hinweg miteinander zu verbinden und in einem Fotoprojekt zu zeigen, das wir trotz unterschiedlicher Nationalit\u00e4ten einer Nation angeh\u00f6ren \u2013 der Menschheit. Dabei habe ich mich von dem wundervollen Fotoprojekt <strong>&#8222;The Atlas of Beauty&#8220;<\/strong> von <strong>Mihaela Noroc<\/strong> inspirieren lassen, deren Arbeit ich schon lange verfolge und sehr beeindruckend finde.<\/p>\n<p>Von mehr als 1300 Bewerbern habe ich es mit meinem Projektvorschlag unter die letzten 150 Teilnehmer geschafft und in die vorletzte Runde. Auch ohne am Ende ausgew\u00e4hlt worden zu sein, bin ich dankbar, dass Adobe diese wunderbare M\u00f6glichkeit anbietet. Bei der Arbeit an meiner Bewerbung habe ich f\u00fcr mich auch wieder einmal auf\u00b4s Neue festgestellt, dass ich meinen Beruf liebe und das, was ich mache, gerne mache. Einer wei\u00dfen Fl\u00e4che Form und Gestaltung zu verleihen ist f\u00fcr mich Passion und Profession. Und hier teile ich heute mit euch einen Ausschnitt meiner Bewerbung.<\/p>\n<p>&nbsp;<\/p>\n<div id=\"attachment_919\" style=\"width: 955px\" class=\"wp-caption alignleft\"><img aria-describedby=\"caption-attachment-919\" loading=\"lazy\" class=\"size-full wp-image-919\" src=\"http:\/\/www.lynnmariezapp.de\/wp-content\/uploads\/2018\/05\/ACR_Post.jpg\" alt=\"Adobe Creative Residency\" width=\"945\" height=\"3766\" srcset=\"https:\/\/www.lynnmariezapp.de\/wp-content\/uploads\/2018\/05\/ACR_Post.jpg 945w, https:\/\/www.lynnmariezapp.de\/wp-content\/uploads\/2018\/05\/ACR_Post-75x300.jpg 75w, https:\/\/www.lynnmariezapp.de\/wp-content\/uploads\/2018\/05\/ACR_Post-768x3061.jpg 768w, https:\/\/www.lynnmariezapp.de\/wp-content\/uploads\/2018\/05\/ACR_Post-257x1024.jpg 257w, https:\/\/www.lynnmariezapp.de\/wp-content\/uploads\/2018\/05\/ACR_Post-8x31.jpg 8w, https:\/\/www.lynnmariezapp.de\/wp-content\/uploads\/2018\/05\/ACR_Post-54x215.jpg 54w, https:\/\/www.lynnmariezapp.de\/wp-content\/uploads\/2018\/05\/ACR_Post-37x148.jpg 37w\" sizes=\"(max-width: 945px) 100vw, 945px\" \/><p id=\"caption-attachment-919\" class=\"wp-caption-text\">Adobe Creative Residency<\/p><\/div>\n<p>&nbsp;<\/p>\n<p>We live in exciting times. Times of anxiety and uncertainty. However, also times of hope and dreams. This series of photographs overcomes distances, crosses borders and connects people. It starts in my residence D\u00fcsseldorf, Germany (51.2\u00b0 N, 6.8\u00b0 E) and proceeds eastbound \u2013 all across the world along this degree of latitude. I will portrait one typical family per country along this global line, once in a classic manner at their home and once in a more dynamic way at their favourite place. Additionally, I will ask them to answer three questions to underline the portraits.<\/p>\n<p><strong>What are your fears?<br \/>\n<\/strong><strong>What are your dreams?<br \/>\n<\/strong><strong>What are your hopes?<\/strong><\/p>\n<p>The series invites to rest for a moment and to take a look into the eyes of \u201eapparently\u201c foreign people. It illustrates on the one hand obvious visual differences. On the other hand it shows that we are united in answering these three questions and part of one and the same nation \u2013 of humanity.<\/p>\n","protected":false},"excerpt":{"rendered":"<p>Erfahrungsbericht | Adobe Creative Residency Arbeit an einem Herzensprojekt Adobe f\u00f6rdert nicht nur Kreativit\u00e4t sondern auch Kreative. Alle Jahre wieder k\u00f6nnen sich Gestalter aus jeglichen\u00a0Disziplinen wie zum Beispiel Grafikdesign, Fotografie oder Videografie mit einem Herzensprojekt f\u00fcr das F\u00f6rderprogramm der Creative&#8230;<\/p>\n","protected":false},"author":1,"featured_media":918,"comment_status":"closed","ping_status":"closed","sticky":false,"template":"","format":"standard","meta":[],"categories":[24,36,111,52],"tags":[310,307,308,309,311,49,314,319,320,318,315,321,316,317,313,322,312],"jetpack_featured_media_url":"https:\/\/www.lynnmariezapp.de\/wp-content\/uploads\/2018\/05\/adobe.jpg","_links":{"self":[{"href":"https:\/\/www.lynnmariezapp.de\/index.php\/wp-json\/wp\/v2\/posts\/916"}],"collection":[{"href":"https:\/\/www.lynnmariezapp.de\/index.php\/wp-json\/wp\/v2\/posts"}],"about":[{"href":"https:\/\/www.lynnmariezapp.de\/index.php\/wp-json\/wp\/v2\/types\/post"}],"author":[{"embeddable":true,"href":"https:\/\/www.lynnmariezapp.de\/index.php\/wp-json\/wp\/v2\/users\/1"}],"replies":[{"embeddable":true,"href":"https:\/\/www.lynnmariezapp.de\/index.php\/wp-json\/wp\/v2\/comments?post=916"}],"version-history":[{"count":6,"href":"https:\/\/www.lynnmariezapp.de\/index.php\/wp-json\/wp\/v2\/posts\/916\/revisions"}],"predecessor-version":[{"id":931,"href":"https:\/\/www.lynnmariezapp.de\/index.php\/wp-json\/wp\/v2\/posts\/916\/revisions\/931"}],"wp:featuredmedia":[{"embeddable":true,"href":"https:\/\/www.lynnmariezapp.de\/index.php\/wp-json\/wp\/v2\/media\/918"}],"wp:attachment":[{"href":"https:\/\/www.lynnmariezapp.de\/index.php\/wp-json\/wp\/v2\/media?parent=916"}],"wp:term":[{"taxonomy":"category","embeddable":true,"href":"https:\/\/www.lynnmariezapp.de\/index.php\/wp-json\/wp\/v2\/categories?post=916"},{"taxonomy":"post_tag","embeddable":true,"href":"https:\/\/www.lynnmariezapp.de\/index.php\/wp-json\/wp\/v2\/tags?post=916"}],"curies":[{"name":"wp","href":"https:\/\/api.w.org\/{rel}","templated":true}]}}